{"id":1580,"date":"2024-10-24T12:28:03","date_gmt":"2024-10-24T12:28:03","guid":{"rendered":"https:\/\/dunaslivres.pt\/?p=1580"},"modified":"2025-12-07T12:37:38","modified_gmt":"2025-12-07T12:37:38","slug":"podcast-quercus-voz-activa-24-out","status":"publish","type":"post","link":"https:\/\/dunaslivres.pt\/en\/podcast-quercus-voz-activa-24-out\/","title":{"rendered":"Podcast Quercus Voz Activa | 24 Out"},"content":{"rendered":"<p class=\"has-small-font-size\"><em><a href=\"https:\/\/www.esquerda.net\/\" data-type=\"link\" data-id=\"https:\/\/www.esquerda.net\/\" target=\"_blank\" rel=\"noreferrer noopener\"><a href=\"https:\/\/www.afp.com\/\" target=\"_blank\" rel=\"noreferrer noopener\">Agence France Presse<\/a><\/a><\/em><\/p>\n\n\n\n<p class=\"has-small-font-size\"><em>22 de Outubro de 2025<\/em><\/p>\n\n\n\n<h2 class=\"wp-block-heading\">Neste oitavo epis\u00f3dio, \u201cQuercus Voz Activa\u201d, esteve como entrevistador Pedro Flores em representa\u00e7\u00e3o da Quercus ANCN e entrevistada Catarina Rosa, uma Bi\u00f3loga evolutiva, bailarina, professora e membro da dire\u00e7\u00e3o da associa\u00e7\u00e3o Dunas Livres.<\/h2>\n\n\n\n<p>A Catarina, nesta entrevista descreve as dunas selvagens, dando uma imagem paradis\u00edaca da nossa Costa, que se encontra amea\u00e7ada\u2026 Acredita na harmonia do bem-estar humano em ecossistemas saud\u00e1veis e desenvolve a\u00e7\u00f5es hol\u00edsticas mobilizando cidad\u00e3os na defesa da Natureza. <\/p>\n\n\n\n<p>A Quercus ANCN faz parte da plataforma Dunas Livres que congrega v\u00e1rias ONGAs, no qual temos trabalhado em conjunto, em manifestos e ac\u00e7\u00f5es no terreno.<\/p>\n\n\n\n<p><a href=\"https:\/\/open.spotify.com\/episode\/5p1oOpKz72KUDjf6tFxAl1?si=6f3b2bea91f6484f\"><span style=\"text-decoration: underline;\">:: Ouve o podcast aqui ::<\/span><\/a><\/p>\n\n\n\n<p><\/p>","protected":false},"excerpt":{"rendered":"<p>Agence France Presse 22 de Outubro de 2025 Neste oitavo epis\u00f3dio, \u201cQuercus Voz Activa\u201d, esteve como entrevistador Pedro Flores em representa\u00e7\u00e3o da Quercus ANCN e entrevistada Catarina Rosa, uma Bi\u00f3loga evolutiva, bailarina, professora e membro da dire\u00e7\u00e3o da associa\u00e7\u00e3o Dunas Livres. A Catarina, nesta entrevista descreve as dunas selvagens, dando uma imagem paradis\u00edaca da nossa [&hellip;]<\/p>\n","protected":false},"author":1,"featured_media":1589,"comment_status":"closed","ping_status":"closed","sticky":false,"template":"","format":"standard","meta":{"footnotes":""},"categories":[6],"tags":[],"class_list":["post-1580","post","type-post","status-publish","format-standard","has-post-thumbnail","hentry","category-noticias"],"_links":{"self":[{"href":"https:\/\/dunaslivres.pt\/en\/wp-json\/wp\/v2\/posts\/1580","targetHints":{"allow":["GET"]}}],"collection":[{"href":"https:\/\/dunaslivres.pt\/en\/wp-json\/wp\/v2\/posts"}],"about":[{"href":"https:\/\/dunaslivres.pt\/en\/wp-json\/wp\/v2\/types\/post"}],"author":[{"embeddable":true,"href":"https:\/\/dunaslivres.pt\/en\/wp-json\/wp\/v2\/users\/1"}],"replies":[{"embeddable":true,"href":"https:\/\/dunaslivres.pt\/en\/wp-json\/wp\/v2\/comments?post=1580"}],"version-history":[{"count":2,"href":"https:\/\/dunaslivres.pt\/en\/wp-json\/wp\/v2\/posts\/1580\/revisions"}],"predecessor-version":[{"id":1590,"href":"https:\/\/dunaslivres.pt\/en\/wp-json\/wp\/v2\/posts\/1580\/revisions\/1590"}],"wp:featuredmedia":[{"embeddable":true,"href":"https:\/\/dunaslivres.pt\/en\/wp-json\/wp\/v2\/media\/1589"}],"wp:attachment":[{"href":"https:\/\/dunaslivres.pt\/en\/wp-json\/wp\/v2\/media?parent=1580"}],"wp:term":[{"taxonomy":"category","embeddable":true,"href":"https:\/\/dunaslivres.pt\/en\/wp-json\/wp\/v2\/categories?post=1580"},{"taxonomy":"post_tag","embeddable":true,"href":"https:\/\/dunaslivres.pt\/en\/wp-json\/wp\/v2\/tags?post=1580"}],"curies":[{"name":"wp","href":"https:\/\/api.w.org\/{rel}","templated":true}]}}